{"id":1919,"date":"2014-10-16T13:39:07","date_gmt":"2014-10-16T13:39:07","guid":{"rendered":"https:\/\/www.anagram.at\/en\/vlow-award-2014-and-the-winners-are\/"},"modified":"2016-02-04T17:47:17","modified_gmt":"2016-02-04T17:47:17","slug":"vlow-award-2014-and-the-winners-are","status":"publish","type":"post","link":"https:\/\/www.anagram.at\/en\/vlow-award-2014-and-the-winners-are\/","title":{"rendered":"VLOW Award 2014: And the winners are"},"content":{"rendered":"<p>Wir freuen uns mitteilen zu d\u00fcrfen, zu den Gewinnern des VLOW Awards zu z\u00e4hlen. Hier ein kurzer Ausschnitt unserer Abgabe sowie die Links zum vollst\u00e4ndigen Dokument.<\/p>\n<figure id=\"attachment_1556\" aria-describedby=\"caption-attachment-1556\" style=\"width: 900px\" class=\"wp-caption alignnone\"><a  href=\"https:\/\/www.anagram.at\/app\/uploads\/2014\/10\/Vlow_Pr\u00e4sentation.jpg\" data-rel=\"lightbox-gallery-0\" data-rl_title=\"\" data-rl_caption=\"\" title=\"\"><img loading=\"lazy\" class=\"make100 wp-image-1556 size-full\" style=\"width: 100%;\" src=\"https:\/\/www.anagram.at\/app\/uploads\/2014\/10\/Vlow_Pr\u00e4sentation.jpg\" alt=\"Vlow_Pr\u00e4sentation\" width=\"900\" height=\"600\" srcset=\"https:\/\/www.anagram.at\/app\/uploads\/2014\/10\/Vlow_Pr\u00e4sentation.jpg 900w, https:\/\/www.anagram.at\/app\/uploads\/2014\/10\/Vlow_Pr\u00e4sentation-300x200.jpg 300w\" sizes=\"(max-width: 900px) 100vw, 900px\" \/><\/a><figcaption id=\"caption-attachment-1556\" class=\"wp-caption-text\">Unser Vorschlag: Die Kulturmeile Bregenz: Mit vereinten Kr\u00e4ften, Bestehendes noch verbessern.<\/figcaption><\/figure>\n<h1>Wohin wir wollen<\/h1>\n<p>Wir etablieren die Kulturmeile Bregenz.<br \/>\nDie vier prestigetra\u0308chtigen Kulturinstitutionen Kunsthaus Bregenz, Vorarlberg Museum, Vorarlberger Landestheater, Festspielhaus Bregenz sowie den Kornmarktplatz, den Platz der Wiener Symphoniker und die Seepromenade mit all ihrer Veranstaltungsvielfalt, ihren Kunstobjekten und Institutionen, verbinden wir in einem digitalen Raum zu einer gro\u00dfen, starken Einheit &#8211; der Kulturmeile Bregenz.<br \/>\nDie Kulturmeile Bregenz wird zu einem Ort. Einem Ort, an dem man sich treffen kann, so, wie man sich in Wien im Museumsquartier oder in Berlin auf der Museumsinsel trifft. Um das zu erreichen, muss die Kulturmeile Bregenz zu einer Attraktion werden, die mehr tut als zu verbinden. Sie soll tun, was die vier Ha\u0308user der Kulturmeile Bregenz am besten ko\u0308nnen: Raum fu\u0308r ku\u0308nstlerisches Schaffen zur Verfu\u0308gung stellen und dieses kuratieren. Dafu\u0308r schaffen wir das \u201cFu\u0308nfte Haus\u201d als integralen Bestandteil der Kulturmeile Bregenz. Das \u201cFu\u0308nfte Haus\u201d ist die Bezeichnung fu\u0308r eine Plattform zur Abwicklung und Realisierung von digitalen Kunstprojekten. Das \u201cFu\u0308nfte Haus\u201d bezeichnet digitalen Raum, der von der Kulturmeile Bregenz fu\u0308r digitales Schaffen zur Verfu\u0308gung gestellt wird. Dabei sollen digitale Projekte entstehen, die nur im realen geografischen Raum der Kulturmeile Bregenz &#8211; vom Kornmarkt bis zum Festspielhaus &#8211; stattfinden ko\u0308nnen.<\/p>\n<h1>Wie wir dorthin kommen<\/h1>\n<p>Unsere Vision der Kulturmeile Bregenz als digitaler Raum informiert und kommuniziert, schafft Diskurs und Emotion und erweitert das kulturelle Angebot um eine weitere Attraktion.<br \/>\nEin gemeinsamer Auftritt aller kulturellen Einrichtungen der Kulturmeile Bregenz soll die Vielfa\u0308ltigkeit und die hohe Qualita\u0308t des Angebotes unterstreichen und verbreiten.<br \/>\nWir sehen unser Projekt als Beitrag zum aktuellen Diskurs, der sich mit der Thematik des Zwischenraums von digitaler und realer Welt auseinandersetzt.<br \/>\nReale Ra\u0308ume fassen wir digital zu einem Ganzen zusammen. Wir verbinden die existierenden Kultureinrichtungen und den diese umfassenden urbanen Raum zur Kulturmeile Bregenz.<br \/>\nWir verorten digitale Ra\u0308ume in real definierten Zonen physisch, geografisch. Dadurch erweitern wir den realen Raum der Kulturmeile Bregenz um eine digitale, informative Ebene, die vor Ort erlebbar ist. Wir bieten den Kulturha\u0308usern einen sehr perso\u0308nlichen Kommunikationskanal zu den BesucherInnen. Die\/der BesucherInnen sollen sich fu\u0308hlen, als ob sie mit einer\/m ortskundigen BegleiterIn unterwegs sind, die\/der ihnen dann die Informationen gibt, die interessant und relevant sind, wann es am besten passt.<\/p>\n<p>Haben wir Ihr Interesse geweckt? Das <a href=\"https:\/\/www.anagram.at\/wp-content\/uploads\/2014\/10\/KulturmeileBregenz.pdf\">vollst\u00e4ndige Dokument steht als PDF<\/a> zum Download bereit!<\/p>\n<figure style=\"width: 1024px\" class=\"wp-caption alignnone\"><a  href=\"https:\/\/www.anagram.at\/app\/uploads\/2014\/09\/VLOW_diagram_dome.jpg\" data-rel=\"lightbox-gallery-0\" data-rl_title=\"\" data-rl_caption=\"\" title=\"\"><img loading=\"lazy\" style=\"width: 100%;\" src=\"https:\/\/www.anagram.at\/app\/uploads\/2014\/09\/VLOW_diagram_dome-1024x700.jpg\" alt=\"VLOW_diagram_dome\" width=\"1024\" height=\"700\" \/><\/a><figcaption class=\"wp-caption-text\">Der digitale Raum. Visualisiert.<\/figcaption><\/figure>\n<p><a href=\"https:\/\/www.anagram.at\/app\/uploads\/2014\/10\/KulturmeileBregenz.pdf\">PDF zur Kulturmeile Bregenz<\/a><\/p>\n<p><a href=\"http:\/\/docs.google.com\/gview?url=https:\/\/www.anagram.at\/app\/uploads\/2014\/10\/VLOW-AWARD-ARGE-Furu-Entner-M\u00e4hr.pdf\">Pr\u00e4sentation VLOW Award als PDF<\/a><\/p>\n","protected":false},"excerpt":{"rendered":"<p>Wir freuen uns mitteilen zu d\u00fcrfen, zu den Gewinnern des #VLOW Awards zu z\u00e4hlen. <\/p>\n<p><b>Wohin wir wollen<\/b><br \/>\nWir etablieren die Kulturmeile Bregenz.<br \/>\nDie vier prestigetra\u0308chtigen Kulturinstitutionen Kunsthaus Bregenz, Vorarlberg Museum, Vorarlberger Landestheater, Festspielhaus Bregenz sowie den Kornmarktplatz, den Platz der Wiener Symphoniker und die Seepromenade mit all ihrer Veranstaltungsvielfalt, ihren Kunstobjekten und Institutionen, verbinden wir in einem digitalen Raum zu einer gro\u00dfen, starken Einheit &#8211; der Kulturmeile Bregenz.<\/p>\n","protected":false},"author":1,"featured_media":0,"comment_status":"closed","ping_status":"open","sticky":false,"template":"","format":"standard","meta":{"_genesis_hide_title":false,"_genesis_hide_breadcrumbs":false,"_genesis_hide_singular_image":false,"_genesis_hide_footer_widgets":false,"_genesis_custom_body_class":"","_genesis_custom_post_class":"","_genesis_layout":""},"categories":[79],"tags":[],"featured_image_src":null,"featured_image_src_square":null,"author_info":{"display_name":"Harald","author_link":"https:\/\/www.anagram.at\/en\/author\/admin\/"},"_links":{"self":[{"href":"https:\/\/www.anagram.at\/en\/wp-json\/wp\/v2\/posts\/1919"}],"collection":[{"href":"https:\/\/www.anagram.at\/en\/wp-json\/wp\/v2\/posts"}],"about":[{"href":"https:\/\/www.anagram.at\/en\/wp-json\/wp\/v2\/types\/post"}],"author":[{"embeddable":true,"href":"https:\/\/www.anagram.at\/en\/wp-json\/wp\/v2\/users\/1"}],"replies":[{"embeddable":true,"href":"https:\/\/www.anagram.at\/en\/wp-json\/wp\/v2\/comments?post=1919"}],"version-history":[{"count":3,"href":"https:\/\/www.anagram.at\/en\/wp-json\/wp\/v2\/posts\/1919\/revisions"}],"predecessor-version":[{"id":2036,"href":"https:\/\/www.anagram.at\/en\/wp-json\/wp\/v2\/posts\/1919\/revisions\/2036"}],"wp:attachment":[{"href":"https:\/\/www.anagram.at\/en\/wp-json\/wp\/v2\/media?parent=1919"}],"wp:term":[{"taxonomy":"category","embeddable":true,"href":"https:\/\/www.anagram.at\/en\/wp-json\/wp\/v2\/categories?post=1919"},{"taxonomy":"post_tag","embeddable":true,"href":"https:\/\/www.anagram.at\/en\/wp-json\/wp\/v2\/tags?post=1919"}],"curies":[{"name":"wp","href":"https:\/\/api.w.org\/{rel}","templated":true}]}}