{"id":1922,"date":"2014-09-11T06:26:00","date_gmt":"2014-09-11T06:26:00","guid":{"rendered":"https:\/\/www.anagram.at\/en\/vlow-award-update\/"},"modified":"2016-02-04T18:59:06","modified_gmt":"2016-02-04T18:59:06","slug":"vlow-award-update","status":"publish","type":"post","link":"https:\/\/www.anagram.at\/en\/vlow-award-update\/","title":{"rendered":"VLOW! Award :: Update"},"content":{"rendered":"<p>Als kleinen Appetizer zum VLOW! Award <a href=\"http:\/\/www.vorarlbergernachrichten.at\/markt\/2014\/09\/10\/mit-dem-richtigen-vlow.vn\">gibt&#8217;s hier noch einen Artikel<\/a> der gerade in der VN erschienen ist. <\/p>\n<div style=\"font-size: 2em; line-height: 1.5em;\">Mit dem richtigen \u201evlow\u201c<\/div>\n<p>von\u00a0<strong>Tobias H\u00e4mmerle<\/strong><\/p>\n<p>Beim vlow!award wird der \u00f6ffentliche Raum in f\u00fcnf Kommunen neu gestaltet.<\/p>\n<p>R\u00d6THIS.\u00a0(VN-toh) Eine Region macht sich auf den Weg: Erstmals veranstalten unter der Federf\u00fchrung von Bodensee-Vorarlberg Tourismus die Kommunen Bregenz, Dornbirn, Feldkirch, Hard und Hohenems einen gemeinsamen Wettbewerb zur Gestaltung des \u00f6ffentlichen Raums. Unter dem Titel vlow!award wetteifern seit Mitte M\u00e4rz 15 Projekt-Teams aus den Bereichen Architektur, Design und Kommunikation um den ersten Platz und die damit verbundene dotierte Realisierung ihres Entwurfs.<\/p>\n<p>Die jeweils Erstplatzierten werden mit der Umsetzung ihres Projekts beauftragt, deren Budgets von 70.000 Euro bis hin zu 250.000 Euro reichen. Die zweit- und drittplatzierten Teams erhalten jeweils 3000 Euro Antrittsgeld.<\/p>\n<p>F\u00fcr Harald Entner und seine beiden befreundeten Architekten Lukas Pankraz M\u00e4hr und Solveig Furu Almo geht es im Wettbewerb mit zwei anderen Teams (von der FH Dornbirn und ein Team aus dem Ausland) um \u201eBregenz als Digital City\u201c. Der IT\u2019ler ist mit vollem Enthusiasmus dabei, denn \u201ein der IT-Branche gibt es solche Wettbewerbe eigentlich nicht und daher ist es eine willkommene Abwechslung\u201c, sagt Entner.<\/p>\n<h3>Erfolgeiche Intensivwoche<\/h3>\n<p>Um mit ihrem Projekt als Sieger hervorzugehen, feilen die drei Mitstreiter seit 17. M\u00e4rz jede Woche einen Abend lang an ihren Ideen und hielten k\u00fcrzlich sogar \u201eeine vlow-Intensivwoche, die uns richtig weitergebracht hat\u201c, ab. Dennoch wartet auf den selbstst\u00e4ndigen Informatiker, der auf Web und Mobile spezialisiert ist, und sein Team noch viel Arbeit bis zur Pr\u00e4sentation am 17. Oktober. Der 34-j\u00e4hrige R\u00f6thner rechnet sich durchaus Chancen aus. \u201eEs k\u00f6nnte unser Vorteil sein, dass wir zwei verschiedene Sichtweisen einflie\u00dfen lassen k\u00f6nnen.\u201c<\/p>\n<h4>Stichwort<\/h4>\n<p>VLOW!AWARD. Wurde im Jahr 2008 im Rahmen des vom Festspielhaus Bregenz veranstalteten Design- und Kommunikationskongresses VLOW! als Studierenden-Wettbewerb ins Leben gerufen. In diesem Jahr nehmen neben Studenten-Teams erstmals auch regionale und internationale Profi-Teams teil, die sich beispielsweise aus Architekten, Grafikern und K\u00fcnstlern zusammensetzen.<\/p>\n<p><a  href=\"https:\/\/www.anagram.at\/app\/uploads\/2014\/09\/vlow_vn.jpg\" data-rel=\"lightbox-gallery-0\" data-rl_title=\"\" data-rl_caption=\"\" title=\"\"><img loading=\"lazy\" src=\"https:\/\/www.anagram.at\/app\/uploads\/2014\/09\/vlow_vn-300x243.jpg\" alt=\"vlow_vn\" width=\"300\" height=\"243\" class=\"alignnone size-medium wp-image-1517\" srcset=\"https:\/\/www.anagram.at\/app\/uploads\/2014\/09\/vlow_vn-300x243.jpg 300w, https:\/\/www.anagram.at\/app\/uploads\/2014\/09\/vlow_vn.jpg 800w\" sizes=\"(max-width: 300px) 100vw, 300px\" \/><\/a><br \/>\nDie Ideenwand von Harald Entner und seinem Team ist prall gef\u00fcllt.FOTO: VN\/TOH<\/p>\n","protected":false},"excerpt":{"rendered":"<p>Als kleinen Appetizer zum VLOW! Award gibt&#8217;s hier noch einen Artikel der gerade in der VN erschienen ist. Mit dem richtigen \u201evlow\u201c von\u00a0Tobias H\u00e4mmerle Beim vlow!award wird der \u00f6ffentliche Raum in f\u00fcnf Kommunen neu gestaltet. R\u00d6THIS.\u00a0(VN-toh) Eine Region macht sich auf den Weg: Erstmals veranstalten unter der Federf\u00fchrung von Bodensee-Vorarlberg Tourismus die Kommunen Bregenz, Dornbirn, [&hellip;]<\/p>\n","protected":false},"author":1,"featured_media":0,"comment_status":"open","ping_status":"open","sticky":false,"template":"","format":"standard","meta":{"_genesis_hide_title":false,"_genesis_hide_breadcrumbs":false,"_genesis_hide_singular_image":false,"_genesis_hide_footer_widgets":false,"_genesis_custom_body_class":"","_genesis_custom_post_class":"","_genesis_layout":""},"categories":[79,80],"tags":[],"featured_image_src":null,"featured_image_src_square":null,"author_info":{"display_name":"Harald","author_link":"https:\/\/www.anagram.at\/en\/author\/admin\/"},"_links":{"self":[{"href":"https:\/\/www.anagram.at\/en\/wp-json\/wp\/v2\/posts\/1922"}],"collection":[{"href":"https:\/\/www.anagram.at\/en\/wp-json\/wp\/v2\/posts"}],"about":[{"href":"https:\/\/www.anagram.at\/en\/wp-json\/wp\/v2\/types\/post"}],"author":[{"embeddable":true,"href":"https:\/\/www.anagram.at\/en\/wp-json\/wp\/v2\/users\/1"}],"replies":[{"embeddable":true,"href":"https:\/\/www.anagram.at\/en\/wp-json\/wp\/v2\/comments?post=1922"}],"version-history":[{"count":1,"href":"https:\/\/www.anagram.at\/en\/wp-json\/wp\/v2\/posts\/1922\/revisions"}],"predecessor-version":[{"id":2063,"href":"https:\/\/www.anagram.at\/en\/wp-json\/wp\/v2\/posts\/1922\/revisions\/2063"}],"wp:attachment":[{"href":"https:\/\/www.anagram.at\/en\/wp-json\/wp\/v2\/media?parent=1922"}],"wp:term":[{"taxonomy":"category","embeddable":true,"href":"https:\/\/www.anagram.at\/en\/wp-json\/wp\/v2\/categories?post=1922"},{"taxonomy":"post_tag","embeddable":true,"href":"https:\/\/www.anagram.at\/en\/wp-json\/wp\/v2\/tags?post=1922"}],"curies":[{"name":"wp","href":"https:\/\/api.w.org\/{rel}","templated":true}]}}