{"id":1943,"date":"2014-02-14T08:07:28","date_gmt":"2014-02-14T08:07:28","guid":{"rendered":"https:\/\/www.anagram.at\/en\/nominierung-vlow2014\/"},"modified":"2016-02-04T18:59:18","modified_gmt":"2016-02-04T18:59:18","slug":"nominierung-vlow2014","status":"publish","type":"post","link":"https:\/\/www.anagram.at\/en\/nominierung-vlow2014\/","title":{"rendered":"Anagram ist auf dem VLOW! Award 2014 vertreten"},"content":{"rendered":"<p>Anagram Engineering wird im Rahmen des VLOW! Award auf der VLOW! 2014 vertreten sein.<br \/>\nWir freuen uns auf einen spannenden Wettbewerb mit interessantem Charakter. <\/p>\n<h2>\u00dcber die VLOW! <\/h2>\n<blockquote><p>\nDie \u00bbVLOW! \u2013 Festival im Zwischenraum Kommunikation, Design, Architektur\u00ab, findet seit 2008 biennal in Bregenz\/Vorarlberg stattfindet. Der Kongress richtet sich an Gestalterinnen, Gestalter und F\u00fchrungskr\u00e4fte sowie deren Auftraggebende aus Kommunikations-Design, Szenografie, Architektur, Markenf\u00fchrung in \u00d6sterreich, Deutschland, Liechtenstein und der Schweiz.<\/p>\n<p>Die VLOW! steht f\u00fcr zwei parallele Zug\u00e4nge: Das Festival besch\u00e4ftigt sich mit wegweisenden Projekten, die zwischen den Kompetenzen Raum- und Kommunikationsgestaltung entstehen. Und es fr\u00e4gt nach erfolgreichen Prozessen, zwischen Innovation, Organisation und Kooperation. Die Tagungsdramaturgie unterst\u00fctzt Vernetzung, Zusammenarbeit, gemeinsames Lernen.<\/p>\n<p>Im Vorfeld der Tagung wird traditionell der VLOW!Award verliehen. Ein au\u00dfergew\u00f6hnliches Wettbewerbs-Format vor einer \u00f6ffentlich debattierenden Jury.<\/p>\n<p>Sprecher auf der VLOW! waren bisher u.a. Daniel Libeskind, New York, Shohei Shigematsu\/OMA New York, Thomas Willemeit\/Graft Los Angeles, Barbara Holzer\/Holzer-Kobler, Z\u00fcrich, William Alsop, London, Ruedi Baur, Paris, Roland Lambrette\/Markgraph, Frankfurt, Fidel Peugeot, Walking-Chair, Wien u.v.m.\n<\/p><\/blockquote>\n<p>Unsere Pr\u00e4sentation zum Thema Realisierungswettbewerb Erlebnisraum Design \/ Stadt Bregenz wird am 14.10 im Festspielhaus in Bregenz stattfinden.<br \/>\n<a href=\"http:\/\/vlow.net\/UeBER-DIE-VLOW!\">Weitere Informationen zur VLOW! 2014<\/a><\/p>\n<div class=\"jwl_one_third\">\n<\/div>\n<h2>Wettbewerbsstruktur<\/h2>\n<p>Pro Erlebnisraum sind drei Gestalter-Teams eingeladen: Ein B\u00fcro, das von au\u00dfen kommt und das Rheintal bzw. die jeweilige kommunale Aufgabe mit dem Blick von Externen|G\u00e4sten betrachtet. Ein Team aus Vorarlberg, das neben seinen fachlichen Kompetenzen seine vertiefte Innensicht einbringen kann. Sowie ein Studierendenteam. Die zum Wettbewerb eingeladenen Gestalter aus Vorarlberg wurden im Rahmen eines offenen Gutachterverfahrens ermittelt. Auswahl Hochschul-Teams: Aufgrund der langj\u00e4hrigen Kooperationen im Rahmen des VLOW!Awards gibt es eine lebendige Beziehung zu ausgew\u00e4hlten Hochschulen der Expertise Kommunikation &#038; Raum. <\/p>\n<p>Alle drei Teams werden sorgf\u00e4ltig und gemeinsam vor Ort im Winter 2014 gebrieft. Die Entwurfspr\u00e4sentation findet dann im Rahmen der VLOW!14 im Oktober vor Publikum und vor einer \u00f6ffentlich argumentierenden und entscheidenden Jury statt. Pro Erlebnisraum wird unter den drei Teams je ein Gewinner ermittelt. Alle teilnehmenden St\u00e4dte|Gemeinden haben die Absicht, den Siegerentwurf zu realisieren. Die Sieger werden auf der VLOW!-Night am 17. Oktober 2014 vorgestellt.<\/p>\n<div class=\"jwl_one_third\">\n<\/div>\n[youtube id=&#8221;1Ifzb6bIV_o&#8221;]\n","protected":false},"excerpt":{"rendered":"<p>Die \u00bbVLOW! \u2013 Festival im Zwischenraum Kommunikation, Design, Architektur\u00ab, findet seit 2008 biennal in Bregenz\/Vorarlberg stattfindet. Der Kongress richtet sich an Gestalterinnen, Gestalter und F\u00fchrungskr\u00e4fte sowie deren Auftraggebende aus Kommunikations-Design, Szenografie, Architektur, Markenf\u00fchrung in \u00d6sterreich, Deutschland, Liechtenstein und der Schweiz.<\/p>\n","protected":false},"author":1,"featured_media":0,"comment_status":"open","ping_status":"open","sticky":false,"template":"","format":"standard","meta":{"_genesis_hide_title":false,"_genesis_hide_breadcrumbs":false,"_genesis_hide_singular_image":false,"_genesis_hide_footer_widgets":false,"_genesis_custom_body_class":"","_genesis_custom_post_class":"","_genesis_layout":""},"categories":[79],"tags":[111,112,113,114],"featured_image_src":null,"featured_image_src_square":null,"author_info":{"display_name":"Harald","author_link":"https:\/\/www.anagram.at\/en\/author\/admin\/"},"_links":{"self":[{"href":"https:\/\/www.anagram.at\/en\/wp-json\/wp\/v2\/posts\/1943"}],"collection":[{"href":"https:\/\/www.anagram.at\/en\/wp-json\/wp\/v2\/posts"}],"about":[{"href":"https:\/\/www.anagram.at\/en\/wp-json\/wp\/v2\/types\/post"}],"author":[{"embeddable":true,"href":"https:\/\/www.anagram.at\/en\/wp-json\/wp\/v2\/users\/1"}],"replies":[{"embeddable":true,"href":"https:\/\/www.anagram.at\/en\/wp-json\/wp\/v2\/comments?post=1943"}],"version-history":[{"count":1,"href":"https:\/\/www.anagram.at\/en\/wp-json\/wp\/v2\/posts\/1943\/revisions"}],"predecessor-version":[{"id":2065,"href":"https:\/\/www.anagram.at\/en\/wp-json\/wp\/v2\/posts\/1943\/revisions\/2065"}],"wp:attachment":[{"href":"https:\/\/www.anagram.at\/en\/wp-json\/wp\/v2\/media?parent=1943"}],"wp:term":[{"taxonomy":"category","embeddable":true,"href":"https:\/\/www.anagram.at\/en\/wp-json\/wp\/v2\/categories?post=1943"},{"taxonomy":"post_tag","embeddable":true,"href":"https:\/\/www.anagram.at\/en\/wp-json\/wp\/v2\/tags?post=1943"}],"curies":[{"name":"wp","href":"https:\/\/api.w.org\/{rel}","templated":true}]}}